


{"id":2693,"date":"2026-08-31T17:10:59","date_gmt":"2026-08-31T17:10:59","guid":{"rendered":"https:\/\/www.positanopremialadanza.it\/web\/?p=2693"},"modified":"2026-08-31T17:15:15","modified_gmt":"2026-08-31T17:15:15","slug":"54-edizione-premio-positano-leonide-massine-per-larte-della-danza-5-settembre-2026","status":"publish","type":"post","link":"https:\/\/www.positanopremialadanza.it\/web\/54-edizione-premio-positano-leonide-massine-per-larte-della-danza-5-settembre-2026\/","title":{"rendered":"54^ edizione Premio Positano L\u00e9onide Massine per l\u2019Arte della Danza 5 Settembre 2026"},"content":{"rendered":"<p><img loading=\"lazy\" class=\"wp-image-2694 aligncenter\" src=\"https:\/\/www.positanopremialadanza.it\/web\/wp-content\/uploads\/2026\/08\/logo-premio-danza-quad-grey-2026.png\" alt=\"\" width=\"401\" height=\"401\" srcset=\"https:\/\/www.positanopremialadanza.it\/web\/wp-content\/uploads\/2026\/08\/logo-premio-danza-quad-grey-2026.png 1000w, https:\/\/www.positanopremialadanza.it\/web\/wp-content\/uploads\/2026\/08\/logo-premio-danza-quad-grey-2026-300x300.png 300w, https:\/\/www.positanopremialadanza.it\/web\/wp-content\/uploads\/2026\/08\/logo-premio-danza-quad-grey-2026-150x150.png 150w, https:\/\/www.positanopremialadanza.it\/web\/wp-content\/uploads\/2026\/08\/logo-premio-danza-quad-grey-2026-768x768.png 768w\" sizes=\"(max-width: 401px) 100vw, 401px\" \/>&#8220;&#8220;&#8220;&#8220;&#8220;&#8220;&#8220;&#8220;&#8220;&#8220;&#8220;&#8220;&#8220;&#8220;&#8220;&#8220;&#8220;&#8220;&#8220;&#8220;<\/p>\n<div dir=\"ltr\">\n<div class=\"gmail_quote\">\n<div dir=\"auto\">\n<div class=\"gmail_quote\">\n<div style=\"text-align: center;\"><strong>Premio Positano L\u00e9onide Massine<\/strong><\/div>\n<div class=\"gmail_quote\" style=\"text-align: center;\">\n<div dir=\"ltr\">\n<div class=\"gmail_quote\">\n<div dir=\"auto\">\n<div class=\"gmail_quote\">\n<div dir=\"ltr\">\n<div>\n<p dir=\"ltr\">54\u00aa Edizione del premio di danza pi\u00f9 antico del mondo<\/p>\n<\/div>\n<\/div>\n<\/div>\n<\/div>\n<\/div>\n<\/div>\n<\/div>\n<div class=\"gmail_quote\" style=\"text-align: center;\">\n<div dir=\"ltr\">\n<div class=\"gmail_quote\">\n<div dir=\"auto\">\n<div class=\"gmail_quote\">\n<div dir=\"ltr\">\n<div>\n<p dir=\"ltr\"><strong>Sabato 5 settembre 2026<\/strong><\/p>\n<\/div>\n<\/div>\n<\/div>\n<\/div>\n<\/div>\n<\/div>\n<\/div>\n<div class=\"gmail_quote\">\n<div dir=\"ltr\">\n<div class=\"gmail_quote\">\n<div dir=\"auto\">\n<div class=\"gmail_quote\">\n<div dir=\"ltr\">\n<div>\n<p dir=\"ltr\" style=\"text-align: center;\">Gran Gala sulla Spiaggia ore 20:30<\/p>\n<p dir=\"ltr\" style=\"text-align: center;\"><em><strong>Leggende e nuove stelle della danza, sotto lo stesso cielo<\/strong><\/em><\/p>\n<p dir=\"ltr\" style=\"text-align: center;\"><strong>Premio alla Carriera e Ballerina Assoluta<\/strong><\/p>\n<p dir=\"ltr\" style=\"text-align: center;\"><strong>Sylvie Guillem \u2014<\/strong> Francia<\/p>\n<p dir=\"ltr\" style=\"text-align: center;\"><em>Protagonisti da tutto il mondo: Giappone, Inghilterra, Corea, Danimarca,\u00a0 Svezia Francia,\u00a0 America, Germania, Austria, Italia, Australia e Principato di Monaco.<\/em><\/p>\n<p dir=\"ltr\"><strong>Positano (SA), 31 agosto 2026<\/strong> \u2014 Il Premio Positano L\u00e9onide Massine per l&#8217;arte della danza, il riconoscimento pi\u00f9 antico del mondo del suo genere, celebra i suoi 54 anni sul palco della Spiaggia Grande sotto le stelle, sabato 5 settembre alle ore 20:30, con un eccezionale programma tra classico e contemporaneo e un palmar\u00e8s di premiati che di anno in anno diventa sempre pi\u00f9 ricco e attento a lanciare i giovani talenti.<\/p>\n<\/div>\n<\/div>\n<\/div>\n<\/div>\n<\/div>\n<\/div>\n<div dir=\"ltr\">\n<div class=\"gmail_quote\">\n<div dir=\"auto\">\n<div class=\"gmail_quote\">\n<div dir=\"ltr\">\n<div>\n<p dir=\"ltr\">Con la direzione artistica di Laura Valente, che lo guida dal 2016, il L\u00e9onide Massine 54\u00aa edizione assegna il Premio alla Carriera e Ballerina Assoluta a Sylvie Guillem (Francia).<\/p>\n<p dir=\"ltr\">Scoperta da Rudolf Nureyev, Sylvie Guillem viene nominata \u00e9toile dell&#8217;Op\u00e9ra di Parigi a soli 19 anni. Lavora per vent&#8217;anni con il Royal Ballet di Londra, diventando una delle interpreti di riferimento di giganti come Maurice B\u00e9jart, William Forsythe, Mats Ek e Akram Khan. Leone d&#8217;oro alla Biennale di Venezia, la sua\u00a0 vita artistica attraversa con la stessa autorevolezza il repertorio classico e quello contemporaneo, imponendosi come una delle danzatrici pi\u00f9 influenti della sua generazione.<\/p>\n<p dir=\"ltr\">\u201cSylvie Guillem non \u00e8 mai stata un\u2019\u00e9toile come le altre, e forse \u00e8 proprio per questo che a diciannove anni Rudolf Nureyev decise di nominarla tale, contro ogni consuetudine dell&#8217;Op\u00e9ra di Parigi. Da allora il suo corpo \u2014 capace di un&#8217;estensione che sembrava sfidare le leggi dell&#8217;anatomia \u2014 \u00e8 diventato lo strumento con cui la danza contemporanea ha imparato a dire cose nuove. Al Royal Ballet di Londra, per vent&#8217;anni, ha danzato B\u00e9jart e Forsythe, Mats Ek e Akram Khan, portando ovunque la stessa intransigenza tecnica e la stessa curiosit\u00e0 verso il linguaggio del proprio tempo, senza mai smettere di essere, prima di tutto, una \u2018classica\u2019. Il Premio alla Carriera e Ballerina Assoluta va a un&#8217;interprete che ha insegnato a intere generazioni che la tecnica, quando \u00e8 vera, non \u00e8 mai un punto d&#8217;arrivo ma serve ad essere liberi: non \u00e8 assenza di regole, \u00e8 l&#8217;intensit\u00e0 con cui si abita il gesto, la cifra personale che nessuna scuola pu\u00f2 trasmettere, il coraggio di osare oltre il gi\u00e0 scritto. Allora come ora\u201d.<\/p>\n<p dir=\"ltr\">Nell&#8217;eccezionale palmar\u00e8s della 54\u00aa edizione: premiati da Giappone, Inghilterra, Corea, Francia, America, Germania, Austria, Italia, Australia, Danimarca e Principato di Monaco, provenienti dalle compagnie di danza pi\u00f9 prestigiose: The Royal Ballet, Ballet de l&#8217;Op\u00e9ra de Paris, Bayerisches Staatsballett, Royal Danish Ballet, i Corpi di Ballo di Vienna e Berlino, oltre che quello del Teatro alla Scala di Milano.<\/p>\n<p dir=\"ltr\"><strong>Premio danzatrice\/danzatori e interpreti sulla scena internazionale<\/strong><\/p>\n<p dir=\"ltr\">Anna Rose O&#8217;Sullivan \u2014 Inghilterra, The Royal Ballet<\/p>\n<p dir=\"ltr\">Hohyun Kang \u2014 Corea\/Francia, Ballet de l&#8217;Op\u00e9ra de Paris<\/p>\n<p dir=\"ltr\">Madison Young \u2014 Usa\/Austria, Wiener Staatsballett<\/p>\n<p dir=\"ltr\">Alessandro Frola \u2014 Italia\/Austria, Wiener Staatsballett<\/p>\n<p dir=\"ltr\">Haruka Sassa \u2014 Giappone\/Germania, Staatsballett Berlin<\/p>\n<p dir=\"ltr\">Kalle Wigle \u2014 Svezia\/Germania, Staatsballett Berlin<\/p>\n<p dir=\"ltr\">Alice Mariani \u2014 Italia, Corpo di Ballo del Teatro alla Scala di Milano (gi\u00e0 Premio Positano L\u00e9onide Massine 1995 come giovane promessa, torna oggi da prima ballerina della Scala).<\/p>\n<p dir=\"ltr\">Navrin Turnbull \u2014 Australia\/Italia, Corpo di Ballo del Teatro alla Scala di Milano<\/p>\n<p dir=\"ltr\">Lorenzo Lelli \u2014 Italia\/Francia, Ballet de l&#8217;Op\u00e9ra de Paris (gi\u00e0 Premio Positano L\u00e9onide Massine 2025; infortunato, viene a ritirare il premio e in questa occasione \u00e8 anche accompagnatore, come da tradizione del Premio).<\/p>\n<p dir=\"ltr\">Antonella Albano con Claudio Coviello (gi\u00e0 Premio Positano L\u00e9onide Massine 2013 giovani promesse) _ Italia\/Teatro alla Scala<\/p>\n<p dir=\"ltr\"><strong>Premio Giovani Promesse 2026<\/strong><\/p>\n<p dir=\"ltr\">Dillon Brizic \u2014 Usa\/Principato di Monaco, Les Ballets de Monte-Carlo<\/p>\n<p dir=\"ltr\">Tobias J\u00f8rgensen \u2014 Danimarca, The Royal Danish Ballet<\/p>\n<p dir=\"ltr\"><strong>Premio &#8220;Luca Vespoli&#8221;<\/strong><\/p>\n<p dir=\"ltr\"><em>Per la divulgazione e il sostegno alla danza<\/em><\/p>\n<p dir=\"ltr\">Virginia Attanasio<\/p>\n<p dir=\"ltr\">Virginia (spesso chiamata anche Vittoria) Attanasio \u00e8 stata la storica anima e madrina del San Pietro di Positano. Coautrice del libro biografico The dreamer from Positano, \u00e8 figura conosciuta a livello internazionale per il suo legame\u00a0 profondo, storico e indissolubile con il Premio Massine, fin dalle prime edizioni. L\u2019amicizia personale con Rudolf Nureyev fa di lei una testimone preziosa di quanto il suo \u2018cenacolo\u2019 sia stato uno spazio artistico identitario per la comunit\u00e0 positanese capace di parlare al mondo.<\/p>\n<\/div>\n<\/div>\n<div dir=\"auto\"><\/div>\n<div dir=\"ltr\">\n<div>\n<p dir=\"ltr\"><strong>Premio Speciale<\/strong><\/p>\n<\/div>\n<\/div>\n<\/div>\n<\/div>\n<\/div>\n<\/div>\n<\/div>\n<div class=\"gmail_quote\">\n<div dir=\"ltr\">\n<div class=\"gmail_quote\">\n<div dir=\"auto\">\n<div class=\"gmail_quote\">\n<div dir=\"ltr\">\n<div>\n<p dir=\"ltr\">Andrea Viliani curatore e coordinatore della DHCP &#8211; Digital Heritage Gateway Platform del Ministero della Cultura per la particolare valorizzazione dell\u2019arte contemporanea nella sua relazione con i linguaggi della danza.<\/p>\n<\/div>\n<\/div>\n<div dir=\"ltr\">\n<div>\n<p dir=\"ltr\">Storico dell&#8217;arte piemontese, Viliani \u00e8 stato Direttore Artistico del museo MADRE Napoli, del MuCiv &#8211; Museo delle Civilt\u00e0 di Roma e curatore del Mambo di Bologna e di Pompeii Commitment, la piattaforma per il Parco Archeologico di Pompei.<\/p>\n<\/div>\n<\/div>\n<div dir=\"ltr\">\n<div>\n<p dir=\"ltr\"><b>Il programma<\/b><\/p>\n<p dir=\"ltr\">Il premio di danza pi\u00f9 antico del mondo, riconosciuto nel 2018 dal Ministero dei Beni Culturali &#8220;rassegna storica unica nel suo genere&#8221;, si svolger\u00e0 con il seguente programma:<\/p>\n<p dir=\"ltr\"><strong>Sabato 5 settembre<\/strong><\/p>\n<p dir=\"ltr\">Hotel Palazzo Murat, ore 17:30 \u2014 Incontro pubblico con i protagonisti della 54\u00aa edizione del Premio Positano L\u00e9onide Massine.<\/p>\n<div>\n<div>\n<p dir=\"ltr\">Spiaggia Grande, ore 20:30 \u2014 Spettacolo con gli Artisti Premiati: Premio Positano L\u00e9onide Massine per l&#8217;arte della danza, 54\u00aa edizione.<\/p>\n<p dir=\"ltr\"><strong>Programma della serata di Gala<\/strong><\/p>\n<p dir=\"ltr\">Conduce la giornalista Maria Cava.<\/p>\n<p dir=\"ltr\">Alessio Carbone, coordinatore nello staff della Direzione Artistica dal 2023<\/p>\n<p dir=\"ltr\"><strong>Staatsoper Berlin<\/strong><\/p>\n<p dir=\"ltr\"><em>Bella Addormentata<\/em><\/p>\n<p dir=\"ltr\">Musica: Piotr Ilitch Tchaikovsky<\/p>\n<p dir=\"ltr\">Coreografia: Marius Petipa<\/p>\n<p dir=\"ltr\">Interpreti: Haruka Sassa, Kalle Wigle<\/p>\n<p dir=\"ltr\"><strong>Ballet de Monte-Carlo e Royal Danish Ballet<\/strong><\/p>\n<p dir=\"ltr\"><em>7 Danses Grecs<\/em><\/p>\n<p dir=\"ltr\">Coreografia: Maurice B\u00e9jart<\/p>\n<p dir=\"ltr\">Musica: Mikis Theodorakis<\/p>\n<p dir=\"ltr\">Interprete: Dillon Brizic<\/p>\n<p dir=\"ltr\"><em>Indompt\u00e9s<\/em><\/p>\n<p dir=\"ltr\">Musica: Wim Mertens<\/p>\n<p dir=\"ltr\">Coreografia: Claude Brumachon<\/p>\n<p dir=\"ltr\">Interpreti: Dillon Brizic, Tobias J\u00f8rgensen<\/p>\n<p dir=\"ltr\"><strong>Ballet de l&#8217;Op\u00e9ra de Paris<\/strong><\/p>\n<p dir=\"ltr\">Romeo e Giulietta<\/p>\n<p dir=\"ltr\">Musica: Sergej Prokofiev<\/p>\n<p dir=\"ltr\">Coreografia: Rudolf Nureyev<\/p>\n<p dir=\"ltr\">Interpreti: Hohyun Kang, Lorenzo Lelli<\/p>\n<p dir=\"ltr\"><strong>The Royal Ballet<\/strong><\/p>\n<p dir=\"ltr\"><em>Assolo\u00a0<\/em><\/p>\n<p dir=\"ltr\"><em>creazione mondiale\u00a0<\/em><\/p>\n<p dir=\"ltr\">interprete e coreografa: Anna Rose O\u2019Sullivan<\/p>\n<p dir=\"ltr\"><strong>Teatro alla Scala di Milano<\/strong><\/p>\n<p dir=\"ltr\"><em>Lacrimosa<\/em><\/p>\n<p dir=\"ltr\">Musica: Zbigniew Preisner<\/p>\n<p dir=\"ltr\">Brano: Lacrimosa<\/p>\n<p dir=\"ltr\">Coreografia: Andrea Crescenzi<\/p>\n<p dir=\"ltr\">Interpreti: Alice Mariani, Navrin Turnbull<\/p>\n<p dir=\"ltr\"><strong>Wiener Staatsballett<\/strong><\/p>\n<p dir=\"ltr\"><em>Corsaro<\/em><\/p>\n<p dir=\"ltr\">Musica: Riccardo Drigo<\/p>\n<p dir=\"ltr\">Coreografia: Marius Petipa<\/p>\n<p dir=\"ltr\">Interpreti: Madison Young, Alessandro Frola<\/p>\n<p dir=\"ltr\">\u201cIl piccolo grande sogno di questa amministrazione \u00e8 riscoprire e sostenere lo spirito originario di questo premio, profondamente legato alla storia di Positano. Un premio che affonda le radici nello spirito di accoglienza positanese, spesso fuori dagli schemi, autentico, naturalmente elegante. Con la stessa naturalezza si incontrano su questo palco i maestri e le giovani promesse, alle quali guardiamo con particolare interesse e che siamo certi, un giorno, potranno raccontare di questo abbraccio con il mare di Positano come l\u2019inizio di una splendida carriera. Quest\u2019anno abbiamo l\u2019onore di accogliere Sylvie Guillem, un\u2019artista che ha fatto della libert\u00e0 il suo linguaggio pi\u00f9 autentico: la stessa libert\u00e0, la stessa assenza di schemi precostituiti, che da sempre appartiene allo spirito di questo luogo. E non potremmo raccontare tutto questo senza il lavoro prezioso di Laura Valente, che con la sua direzione artistica tiene insieme, edizione dopo edizione, la memoria del premio e lo sguardo verso il futuro, sapendo riconoscere il talento prima ancora che il mondo se ne accorga. Anche noi, come amministratori, raccogliamo un\u2019eredit\u00e0 e la vogliamo portare nel futuro, con rispetto e amore per questa bellezza che lascia senza fiato\u201d.<\/p>\n<ul>\n<li dir=\"ltr\">\n<p dir=\"ltr\" role=\"presentation\">Gabriella Guida, Sindaca di Positano<\/p>\n<\/li>\n<\/ul>\n<p dir=\"ltr\">\u201cSylvie Guillem ci ha insegnato che la tecnica, quando \u00e8 vera, non si misura solo nella perfezione del passo, ma nell&#8217;intensit\u00e0 del gesto e nel coraggio di osare. \u00c8 con lo stesso sguardo che sosteniamo i giovani interpreti da molte edizioni: la stessa disciplina, la stessa intensit\u00e0. Questo \u00e8 il compito di un premio come il nostro: intuire, prima che il mondo se ne accorga, il loro talento. Il passato che si sposa con il futuro: in questa grande capitale della danza accade dal 1969, sulla spiaggia di Positano, e accadr\u00e0 ancora il 5 settembre\u00bb, spiega la direttrice artistica Laura Valente.<\/p>\n<p dir=\"ltr\">Nell&#8217;eccezionale palmar\u00e8s della 54\u00aa edizione: premiati da Giappone, Inghilterra, Corea, Francia, America, Germania, Austria, Italia, Australia, Danimarca e Principato di Monaco, provenienti dalle compagnie di danza pi\u00f9 prestigiose: The Royal Ballet, Ballet de l&#8217;Op\u00e9ra de Paris, Bayerisches e Wiener Staatsballett, Royal Danish Ballet, Les Ballets de Monte-Carlo. I Corpi di Ballo di Vienna, Berlino e Teatro alla Scala di Milano\u201d.<\/p>\n<ul>\n<li dir=\"ltr\">\n<p dir=\"ltr\" role=\"presentation\">Laura Valente, Direttrice Artistica del Massine Prize dal 2016<\/p>\n<\/li>\n<\/ul>\n<p dir=\"ltr\">Dopo tante edizioni del premio guidate da Alberto Testa e Alfio Agostini (ad entrambi il riconoscimento di \u2018presidente onorario\u2019 dal Comune di Positano), nel 2023 la giuria ha cambiato pelle diventando un board scientifico composto da direttori di compagnie e festival internazionali, coordinati dalla Direttrice Artistica Laura Valente, che si alternano di anno in anno garantendo una prospettiva sempre nuova, oltre alla possibilit\u00e0 per i vincitori \u2014 soprattutto i giovani talenti \u2014 di essere visti da produttori italiani e stranieri.<\/p>\n<p dir=\"ltr\"><strong>Il board scientifico 2025\u20132026 \u00e8 composto da:<\/strong><\/p>\n<p dir=\"ltr\">Jos\u00e9 Carlos Mart\u00ednez \u2014 Directeur de la Danse de l&#8217;Op\u00e9ra National de Paris (Francia\/Spagna)<\/p>\n<p dir=\"ltr\">Susan Jaffe \u2014 Artistic Director of the American Ballet Theatre (Stati Uniti)<\/p>\n<p dir=\"ltr\">Kevin O&#8217;Hare \u2014 Direttore del Royal Ballet (Inghilterra\/GB)<\/p>\n<p dir=\"ltr\">Fr\u00e9d\u00e9ric Olivieri \u2014 Direttore del Corpo di Ballo del Teatro alla Scala (Italia\/Francia)<\/p>\n<p dir=\"ltr\">Laura Valente \u2014 Direttrice Artistica del Massine Prize dal 2016 (Italia)<\/p>\n<p dir=\"ltr\"><strong>Simbolo del Premio<\/strong><\/p>\n<p dir=\"ltr\">Si rinnova la collaborazione con il Teatro di San Carlo di Napoli, che vanta la prima scuola di ballo di un teatro d&#8217;opera italiano, fondata nel 1812: per gentile concessione del Museo e Archivio Storico della Fondazione Teatro di San Carlo, dal 2017 il simbolo della manifestazione \u00e8 un bozzetto di scena di Paolo Ricci, artista attivo a Napoli e autore di molti lavori per il teatro, legato a uno dei titoli pi\u00f9 significativi della stagione dei Ballets Russes, gi\u00e0 coreografato da Massine e di cui Nureyev fu tra gli interpreti ideali.<\/p>\n<p dir=\"ltr\"><strong>I luoghi<\/strong><\/p>\n<p dir=\"ltr\">A fare da scenario agli eventi in calendario saranno la Spiaggia Grande e la Cripta della Villa Romana.<\/p>\n<p dir=\"ltr\"><strong>Spiaggia Grande<\/strong><\/p>\n<p dir=\"ltr\">Positano \u00e8 ricca di spiagge e calette, ma sicuramente la pi\u00f9 nota \u00e8 la Spiaggia Grande: un manto di granelli dorati, lungo oltre 300 metri, considerato una delle spiagge pi\u00f9 amate dai turisti di tutto il mondo. Avvolta dalle pendici del Monte Sant&#8217;Angelo, con le casette colorate che scendono a raggiera fin sul mare, ogni anno questo scenario fa da cornice agli eventi di maggior richiamo del Premio Positano L\u00e9onide Massine per l&#8217;arte della danza. Su un palco\/teatro all&#8217;aperto appositamente costruito, con oltre 500 posti a sedere, si esibiscono gli artisti premiati davanti al pubblico. Il palcoscenico della Spiaggia Grande ha visto nel tempo personaggi di calibro internazionale, da Alicia Alonso a William Forsythe, da Carla Fracci a Svetlana Zakharova e Vladimir Vassiliev, da Ji\u0159\u00ed Kyli\u00e1n ad Alessandra Ferri, Dada Masilo, Benjamin Millepied e Angelin Preljocaj, solo per citarne alcuni. Oltre naturalmente al divino Nureyev.<\/p>\n<p dir=\"ltr\"><strong>Cripta Villa Romana<\/strong><\/p>\n<p dir=\"ltr\">La Villa Romana di Positano, sepolta dall&#8217;eruzione del Vesuvio del 79 d.C. e riscoperta solo pochi anni fa, custodisce un ciclo di affreschi del I secolo dopo Cristo \u2014 ippocampi, colonne dorate, grifoni e un Pegaso alato \u2014 visibili lungo un percorso con passerelle e illuminazione dedicata, accessibile a tutti.<\/p>\n<p dir=\"ltr\"><strong>Breve storia del premio\u00a0<\/strong><\/p>\n<p dir=\"ltr\">La perla della Costiera amalfitana richiama i pi\u00f9 grandi artisti del mondo sin dagli anni &#8217;20 del secolo scorso, quando vi si stabil\u00ec un collaboratore di Diaghilev, seguito da Lifar, Bakst, Nijinsky, Stravinsky (oltre a personaggi come Picasso e Cocteau). L\u00e9onide Massine, il ballerino\/coreografo dei Ballets Russes, si innamor\u00f2 del luogo e il potente impresario Diaghilev gli don\u00f2 le antistanti isole dette Li Galli. Per le sue strade hanno passeggiato, tra gli altri, Vaslav Ni\u017einskij e Rudolf Nureyev, che a sua volta fece de Li Galli un&#8217;amata residenza.<\/p>\n<\/div>\n<\/div>\n<\/div>\n<\/div>\n<\/div>\n<\/div>\n<\/div>\n<\/div>\n<\/div>\n<div class=\"gmail_quote\">\n<div dir=\"ltr\">\n<div class=\"gmail_quote\">\n<div dir=\"auto\">\n<div class=\"gmail_quote\">\n<div dir=\"ltr\">\n<div>\n<div>\n<div>\n<p dir=\"ltr\">Il 2 agosto 1969 nasce il Premio Positano. Dieci anni dopo la prima edizione, alla morte di L\u00e9onide Massine, il premio venne intitolato alla sua memoria. La manifestazione ha premiato negli anni (impossibile citarli tutti) celebri artisti, da Margot Fonteyn a Rudolf Nureyev, da Maurice B\u00e9jart a Ekaterina Maximova, Carla Fracci e Luciana Savignano, Elisabetta Terabust e Roberto Bolle, Mikhail Baryshnikov, Alicia Alonso, Mats Ek, Ji\u0159\u00ed Kyli\u00e1n, Wayne McGregor, Marie Chouinard, Lutz F\u00f6rster, Vladimir Vassiliev, Nacho Duato, Svetlana Zakharova, Viengsay Vald\u00e9s e Anthony Dowell, tra i tantissimi artisti delle numerose edizioni del Premio, che non si \u00e8 mai interrotto neanche durante la pandemia \u2014 con un&#8217;edizione speciale dedicata a Carla Fracci nel 2021. Premio alla Carriera assegnato ad Alessandra Ferri nel 2022, a Luciana Savignano (con Benjamin Millepied) nel 2023, a Dada Masilo(con Luc\u00eda Lacarra danzatrice dell&#8217;anno) nel 2024, ad Angelin Preljocaj nel 2025.<\/p>\n<p dir=\"ltr\">\n<div class=\"quick-gallery\"><div class=\"qg-img\" data-defwidth=\"383\"><a href=\"https:\/\/www.positanopremialadanza.it\/web\/wp-content\/uploads\/2026\/08\/SylvieGuillem.jpeg\" data-rel=\"lightbox[group-26931]\" title=\"\" ><img src=\"https:\/\/www.positanopremialadanza.it\/web\/wp-content\/uploads\/2026\/08\/SylvieGuillem-383x250.jpeg\" alt=\"Sylvie Guillem\"\/><div class=\"qg-overlay\"><span class=\"icon-circle\"><span class=\"pg-icon lightbox-icon\"><\/span><\/span><span class=\"qg-title\">Sylvie Guillem<\/span><\/div><\/a><\/div><div class=\"qg-img\" data-defwidth=\"383\"><a href=\"https:\/\/www.positanopremialadanza.it\/web\/wp-content\/uploads\/2026\/08\/Sylvie-Guillem_\u00a9Richard-Avedon.jpeg\" data-rel=\"lightbox[group-26931]\" title=\"\" ><img src=\"https:\/\/www.positanopremialadanza.it\/web\/wp-content\/uploads\/2026\/08\/Sylvie-Guillem_\u00a9Richard-Avedon-383x250.jpeg\" alt=\"Sylvie Guillem \u00a9Richard Avedon\"\/><div class=\"qg-overlay\"><span class=\"icon-circle\"><span class=\"pg-icon lightbox-icon\"><\/span><\/span><span class=\"qg-title\">Sylvie Guillem \u00a9Richard Avedon<\/span><\/div><\/a><\/div><div class=\"qg-img\" data-defwidth=\"383\"><a href=\"https:\/\/www.positanopremialadanza.it\/web\/wp-content\/uploads\/2026\/08\/Haruka-Sassa_\u00a9Fredrik-Gille.jpeg\" data-rel=\"lightbox[group-26931]\" title=\"\" ><img src=\"https:\/\/www.positanopremialadanza.it\/web\/wp-content\/uploads\/2026\/08\/Haruka-Sassa_\u00a9Fredrik-Gille-383x250.jpeg\" alt=\"Haruka Sassa \u00a9Fredrik Gille\"\/><div class=\"qg-overlay\"><span class=\"icon-circle\"><span class=\"pg-icon lightbox-icon\"><\/span><\/span><span class=\"qg-title\">Haruka Sassa \u00a9Fredrik Gille<\/span><\/div><\/a><\/div><div class=\"qg-img\" data-defwidth=\"383\"><a href=\"https:\/\/www.positanopremialadanza.it\/web\/wp-content\/uploads\/2026\/08\/Alessandro-Frola_\u00a9Tomas-La-Luz.jpeg\" data-rel=\"lightbox[group-26931]\" title=\"\" ><img src=\"https:\/\/www.positanopremialadanza.it\/web\/wp-content\/uploads\/2026\/08\/Alessandro-Frola_\u00a9Tomas-La-Luz-383x250.jpeg\" alt=\"Alessandro Frola_\u00a9Tomas La Luz\"\/><div class=\"qg-overlay\"><span class=\"icon-circle\"><span class=\"pg-icon lightbox-icon\"><\/span><\/span><span class=\"qg-title\">Alessandro Frola_\u00a9Tomas La Luz<\/span><\/div><\/a><\/div><div class=\"qg-img\" data-defwidth=\"383\"><a href=\"https:\/\/www.positanopremialadanza.it\/web\/wp-content\/uploads\/2026\/08\/Alice-Mariani_1920.jpg\" data-rel=\"lightbox[group-26931]\" title=\"\" ><img src=\"https:\/\/www.positanopremialadanza.it\/web\/wp-content\/uploads\/2026\/08\/Alice-Mariani_1920-383x250.jpg\" alt=\"Alice Mariani\"\/><div class=\"qg-overlay\"><span class=\"icon-circle\"><span class=\"pg-icon lightbox-icon\"><\/span><\/span><span class=\"qg-title\">Alice Mariani<\/span><\/div><\/a><\/div><div class=\"qg-img\" data-defwidth=\"383\"><a href=\"https:\/\/www.positanopremialadanza.it\/web\/wp-content\/uploads\/2026\/08\/Anna-Rose-OSullivan.jpeg\" data-rel=\"lightbox[group-26931]\" title=\"\" ><img src=\"https:\/\/www.positanopremialadanza.it\/web\/wp-content\/uploads\/2026\/08\/Anna-Rose-OSullivan-383x250.jpeg\" alt=\"Anna Rose O\u2019Sullivan\"\/><div class=\"qg-overlay\"><span class=\"icon-circle\"><span class=\"pg-icon lightbox-icon\"><\/span><\/span><span class=\"qg-title\">Anna Rose O\u2019Sullivan<\/span><\/div><\/a><\/div><div class=\"qg-img\" data-defwidth=\"383\"><a href=\"https:\/\/www.positanopremialadanza.it\/web\/wp-content\/uploads\/2026\/08\/Claudio-Coviello.jpeg\" data-rel=\"lightbox[group-26931]\" title=\"\" ><img src=\"https:\/\/www.positanopremialadanza.it\/web\/wp-content\/uploads\/2026\/08\/Claudio-Coviello-383x250.jpeg\" alt=\"Claudio Coviello\"\/><div class=\"qg-overlay\"><span class=\"icon-circle\"><span class=\"pg-icon lightbox-icon\"><\/span><\/span><span class=\"qg-title\">Claudio Coviello<\/span><\/div><\/a><\/div><div class=\"qg-img\" data-defwidth=\"383\"><a href=\"https:\/\/www.positanopremialadanza.it\/web\/wp-content\/uploads\/2026\/08\/Dillon-Brizic.jpeg\" data-rel=\"lightbox[group-26931]\" title=\"\" ><img src=\"https:\/\/www.positanopremialadanza.it\/web\/wp-content\/uploads\/2026\/08\/Dillon-Brizic-383x250.jpeg\" alt=\"Dillon Brizic\"\/><div class=\"qg-overlay\"><span class=\"icon-circle\"><span class=\"pg-icon lightbox-icon\"><\/span><\/span><span class=\"qg-title\">Dillon Brizic<\/span><\/div><\/a><\/div><div class=\"qg-img\" data-defwidth=\"383\"><a href=\"https:\/\/www.positanopremialadanza.it\/web\/wp-content\/uploads\/2026\/08\/Hohyun-Kang_\u00a9BAKi.jpeg\" data-rel=\"lightbox[group-26931]\" title=\"\" ><img src=\"https:\/\/www.positanopremialadanza.it\/web\/wp-content\/uploads\/2026\/08\/Hohyun-Kang_\u00a9BAKi-383x250.jpeg\" alt=\"Hohyun Kang \u00a9BAKi\"\/><div class=\"qg-overlay\"><span class=\"icon-circle\"><span class=\"pg-icon lightbox-icon\"><\/span><\/span><span class=\"qg-title\">Hohyun Kang \u00a9BAKi<\/span><\/div><\/a><\/div><div class=\"qg-img\" data-defwidth=\"383\"><a href=\"https:\/\/www.positanopremialadanza.it\/web\/wp-content\/uploads\/2026\/08\/Kalle-Wigle.jpeg\" data-rel=\"lightbox[group-26931]\" title=\"\" ><img src=\"https:\/\/www.positanopremialadanza.it\/web\/wp-content\/uploads\/2026\/08\/Kalle-Wigle-383x250.jpeg\" alt=\"Kalle Wigle\"\/><div class=\"qg-overlay\"><span class=\"icon-circle\"><span class=\"pg-icon lightbox-icon\"><\/span><\/span><span class=\"qg-title\">Kalle Wigle<\/span><\/div><\/a><\/div><div class=\"qg-img\" data-defwidth=\"383\"><a href=\"https:\/\/www.positanopremialadanza.it\/web\/wp-content\/uploads\/2026\/08\/Lorenzo-Lelli_\u00a9Svetlana-Loboff.jpeg\" data-rel=\"lightbox[group-26931]\" title=\"\" ><img src=\"https:\/\/www.positanopremialadanza.it\/web\/wp-content\/uploads\/2026\/08\/Lorenzo-Lelli_\u00a9Svetlana-Loboff-383x250.jpeg\" alt=\"Lorenzo Lelli \u00a9Svetlana Loboff\"\/><div class=\"qg-overlay\"><span class=\"icon-circle\"><span class=\"pg-icon lightbox-icon\"><\/span><\/span><span class=\"qg-title\">Lorenzo Lelli \u00a9Svetlana Loboff<\/span><\/div><\/a><\/div><div class=\"qg-img\" data-defwidth=\"383\"><a href=\"https:\/\/www.positanopremialadanza.it\/web\/wp-content\/uploads\/2026\/08\/Navrin-Turnbull_\u00a9Carlos-Quezada.jpeg\" data-rel=\"lightbox[group-26931]\" title=\"\" ><img src=\"https:\/\/www.positanopremialadanza.it\/web\/wp-content\/uploads\/2026\/08\/Navrin-Turnbull_\u00a9Carlos-Quezada-383x250.jpeg\" alt=\"\"\/><div class=\"qg-overlay\"><span class=\"icon-circle\"><span class=\"pg-icon lightbox-icon\"><\/span><\/span><span class=\"qg-title\">Navrin Turnbull<\/span><\/div><\/a><\/div><div class=\"qg-img\" data-defwidth=\"383\"><a href=\"https:\/\/www.positanopremialadanza.it\/web\/wp-content\/uploads\/2026\/08\/Tobias-Jorgensen.jpeg\" data-rel=\"lightbox[group-26931]\" title=\"\" ><img src=\"https:\/\/www.positanopremialadanza.it\/web\/wp-content\/uploads\/2026\/08\/Tobias-Jorgensen-383x250.jpeg\" alt=\"Tobias J\u00f8rgensen\"\/><div class=\"qg-overlay\"><span class=\"icon-circle\"><span class=\"pg-icon lightbox-icon\"><\/span><\/span><span class=\"qg-title\">Tobias J\u00f8rgensen<\/span><\/div><\/a><\/div><div class=\"clear\"><\/div><\/div>\n<\/div>\n<\/div>\n<\/div>\n<\/div>\n<\/div>\n<\/div>\n<\/div>\n<\/div>\n<\/div>\n<\/div>\n<\/div>\n<\/div>\n<\/div>\n","protected":false},"excerpt":{"rendered":"<p>&#8220;&#8220;&#8220;&#8220;&#8220;&#8220;&#8220;&#8220;&#8220;&#8220;&#8220;&#8220;&#8220;&#8220;&#8220;&#8220;&#8220;&#8220;&#8220;&#8220; Premio Positano L\u00e9onide Massine 54\u00aa Edizione del premio di danza pi\u00f9 antico del mondo Sabato 5 settembre 2026 Gran [&hellip;]<\/p>\n","protected":false},"author":1,"featured_media":0,"comment_status":"closed","ping_status":"closed","sticky":false,"template":"","format":"standard","meta":[],"categories":[1],"tags":[],"yoast_head":"<!-- This site is optimized with the Yoast SEO plugin v19.5.1 - https:\/\/yoast.com\/wordpress\/plugins\/seo\/ -->\n<title>54^ edizione Premio Positano L\u00e9onide Massine per l\u2019Arte della Danza 5 Settembre 2026 - Premio Positano L\u00e9onide Massine per l&#039;Arte della Danza amalfi coast italy<\/title>\n<meta name=\"robots\" content=\"index, follow, max-snippet:-1, max-image-preview:large, max-video-preview:-1\" \/>\n<link rel=\"canonical\" href=\"https:\/\/www.positanopremialadanza.it\/web\/54-edizione-premio-positano-leonide-massine-per-larte-della-danza-5-settembre-2026\/\" \/>\n<meta property=\"og:locale\" content=\"it_IT\" \/>\n<meta property=\"og:type\" content=\"article\" \/>\n<meta property=\"og:title\" content=\"54^ edizione Premio Positano L\u00e9onide Massine per l\u2019Arte della Danza 5 Settembre 2026 - Premio Positano L\u00e9onide Massine per l&#039;Arte della Danza amalfi coast italy\" \/>\n<meta property=\"og:description\" content=\"&#8220;&#8220;&#8220;&#8220;&#8220;&#8220;&#8220;&#8220;&#8220;&#8220;&#8220;&#8220;&#8220;&#8220;&#8220;&#8220;&#8220;&#8220;&#8220;&#8220; Premio Positano L\u00e9onide Massine 54\u00aa Edizione del premio di danza pi\u00f9 antico del mondo Sabato 5 settembre 2026 Gran [&hellip;]\" \/>\n<meta property=\"og:url\" content=\"https:\/\/www.positanopremialadanza.it\/web\/54-edizione-premio-positano-leonide-massine-per-larte-della-danza-5-settembre-2026\/\" \/>\n<meta property=\"og:site_name\" content=\"Premio Positano L\u00e9onide Massine per l&#039;Arte della Danza amalfi coast italy\" \/>\n<meta property=\"article:published_time\" content=\"2026-08-31T17:10:59+00:00\" \/>\n<meta property=\"article:modified_time\" content=\"2026-08-31T17:15:15+00:00\" \/>\n<meta property=\"og:image\" content=\"https:\/\/www.positanopremialadanza.it\/web\/wp-content\/uploads\/2026\/08\/SylvieGuillem-383x250.jpeg\" \/>\n<meta name=\"author\" content=\"Positano Premia La Danza\" \/>\n<meta name=\"twitter:card\" content=\"summary\" \/>\n<meta name=\"twitter:label1\" content=\"Scritto da\" \/>\n\t<meta name=\"twitter:data1\" content=\"Positano Premia La Danza\" \/>\n\t<meta name=\"twitter:label2\" content=\"Tempo di lettura stimato\" \/>\n\t<meta name=\"twitter:data2\" content=\"10 minuti\" \/>\n<script type=\"application\/ld+json\" class=\"yoast-schema-graph\">{\"@context\":\"https:\/\/schema.org\",\"@graph\":[{\"@type\":\"WebPage\",\"@id\":\"https:\/\/www.positanopremialadanza.it\/web\/54-edizione-premio-positano-leonide-massine-per-larte-della-danza-5-settembre-2026\/\",\"url\":\"https:\/\/www.positanopremialadanza.it\/web\/54-edizione-premio-positano-leonide-massine-per-larte-della-danza-5-settembre-2026\/\",\"name\":\"54^ edizione Premio Positano L\u00e9onide Massine per l\u2019Arte della Danza 5 Settembre 2026 - Premio Positano L\u00e9onide Massine per l&#039;Arte della Danza amalfi coast italy\",\"isPartOf\":{\"@id\":\"https:\/\/www.positanopremialadanza.it\/web\/#website\"},\"datePublished\":\"2026-08-31T17:10:59+00:00\",\"dateModified\":\"2026-08-31T17:15:15+00:00\",\"author\":{\"@id\":\"https:\/\/www.positanopremialadanza.it\/web\/#\/schema\/person\/ae3dff3b17d1a335a41bf911c5445294\"},\"breadcrumb\":{\"@id\":\"https:\/\/www.positanopremialadanza.it\/web\/54-edizione-premio-positano-leonide-massine-per-larte-della-danza-5-settembre-2026\/#breadcrumb\"},\"inLanguage\":\"it-IT\",\"potentialAction\":[{\"@type\":\"ReadAction\",\"target\":[\"https:\/\/www.positanopremialadanza.it\/web\/54-edizione-premio-positano-leonide-massine-per-larte-della-danza-5-settembre-2026\/\"]}]},{\"@type\":\"BreadcrumbList\",\"@id\":\"https:\/\/www.positanopremialadanza.it\/web\/54-edizione-premio-positano-leonide-massine-per-larte-della-danza-5-settembre-2026\/#breadcrumb\",\"itemListElement\":[{\"@type\":\"ListItem\",\"position\":1,\"name\":\"Home\",\"item\":\"https:\/\/www.positanopremialadanza.it\/web\/\"},{\"@type\":\"ListItem\",\"position\":2,\"name\":\"54^ edizione Premio Positano L\u00e9onide Massine per l\u2019Arte della Danza 5 Settembre 2026\"}]},{\"@type\":\"WebSite\",\"@id\":\"https:\/\/www.positanopremialadanza.it\/web\/#website\",\"url\":\"https:\/\/www.positanopremialadanza.it\/web\/\",\"name\":\"Premio Positano L\u00e9onide Massine per l&#039;Arte della Danza amalfi coast italy\",\"description\":\"Positano Premia La Danza -L\u00e9onide Massine, il premio alla danza di Positano dal 1969\",\"potentialAction\":[{\"@type\":\"SearchAction\",\"target\":{\"@type\":\"EntryPoint\",\"urlTemplate\":\"https:\/\/www.positanopremialadanza.it\/web\/?s={search_term_string}\"},\"query-input\":\"required name=search_term_string\"}],\"inLanguage\":\"it-IT\"},{\"@type\":\"Person\",\"@id\":\"https:\/\/www.positanopremialadanza.it\/web\/#\/schema\/person\/ae3dff3b17d1a335a41bf911c5445294\",\"name\":\"Positano Premia La Danza\",\"image\":{\"@type\":\"ImageObject\",\"inLanguage\":\"it-IT\",\"@id\":\"https:\/\/www.positanopremialadanza.it\/web\/#\/schema\/person\/image\/\",\"url\":\"https:\/\/secure.gravatar.com\/avatar\/0617353ce28f9ac522a77c544850a789?s=96&d=mm&r=g\",\"contentUrl\":\"https:\/\/secure.gravatar.com\/avatar\/0617353ce28f9ac522a77c544850a789?s=96&d=mm&r=g\",\"caption\":\"Positano Premia La Danza\"},\"url\":\"https:\/\/www.positanopremialadanza.it\/web\/author\/ilnoc\/\"}]}<\/script>\n<!-- \/ Yoast SEO plugin. -->","yoast_head_json":{"title":"54^ edizione Premio Positano L\u00e9onide Massine per l\u2019Arte della Danza 5 Settembre 2026 - Premio Positano L\u00e9onide Massine per l&#039;Arte della Danza amalfi coast italy","robots":{"index":"index","follow":"follow","max-snippet":"max-snippet:-1","max-image-preview":"max-image-preview:large","max-video-preview":"max-video-preview:-1"},"canonical":"https:\/\/www.positanopremialadanza.it\/web\/54-edizione-premio-positano-leonide-massine-per-larte-della-danza-5-settembre-2026\/","og_locale":"it_IT","og_type":"article","og_title":"54^ edizione Premio Positano L\u00e9onide Massine per l\u2019Arte della Danza 5 Settembre 2026 - Premio Positano L\u00e9onide Massine per l&#039;Arte della Danza amalfi coast italy","og_description":"&#8220;&#8220;&#8220;&#8220;&#8220;&#8220;&#8220;&#8220;&#8220;&#8220;&#8220;&#8220;&#8220;&#8220;&#8220;&#8220;&#8220;&#8220;&#8220;&#8220; Premio Positano L\u00e9onide Massine 54\u00aa Edizione del premio di danza pi\u00f9 antico del mondo Sabato 5 settembre 2026 Gran [&hellip;]","og_url":"https:\/\/www.positanopremialadanza.it\/web\/54-edizione-premio-positano-leonide-massine-per-larte-della-danza-5-settembre-2026\/","og_site_name":"Premio Positano L\u00e9onide Massine per l&#039;Arte della Danza amalfi coast italy","article_published_time":"2026-08-31T17:10:59+00:00","article_modified_time":"2026-08-31T17:15:15+00:00","og_image":[{"url":"https:\/\/www.positanopremialadanza.it\/web\/wp-content\/uploads\/2026\/08\/SylvieGuillem-383x250.jpeg"}],"author":"Positano Premia La Danza","twitter_card":"summary","twitter_misc":{"Scritto da":"Positano Premia La Danza","Tempo di lettura stimato":"10 minuti"},"schema":{"@context":"https:\/\/schema.org","@graph":[{"@type":"WebPage","@id":"https:\/\/www.positanopremialadanza.it\/web\/54-edizione-premio-positano-leonide-massine-per-larte-della-danza-5-settembre-2026\/","url":"https:\/\/www.positanopremialadanza.it\/web\/54-edizione-premio-positano-leonide-massine-per-larte-della-danza-5-settembre-2026\/","name":"54^ edizione Premio Positano L\u00e9onide Massine per l\u2019Arte della Danza 5 Settembre 2026 - Premio Positano L\u00e9onide Massine per l&#039;Arte della Danza amalfi coast italy","isPartOf":{"@id":"https:\/\/www.positanopremialadanza.it\/web\/#website"},"datePublished":"2026-08-31T17:10:59+00:00","dateModified":"2026-08-31T17:15:15+00:00","author":{"@id":"https:\/\/www.positanopremialadanza.it\/web\/#\/schema\/person\/ae3dff3b17d1a335a41bf911c5445294"},"breadcrumb":{"@id":"https:\/\/www.positanopremialadanza.it\/web\/54-edizione-premio-positano-leonide-massine-per-larte-della-danza-5-settembre-2026\/#breadcrumb"},"inLanguage":"it-IT","potentialAction":[{"@type":"ReadAction","target":["https:\/\/www.positanopremialadanza.it\/web\/54-edizione-premio-positano-leonide-massine-per-larte-della-danza-5-settembre-2026\/"]}]},{"@type":"BreadcrumbList","@id":"https:\/\/www.positanopremialadanza.it\/web\/54-edizione-premio-positano-leonide-massine-per-larte-della-danza-5-settembre-2026\/#breadcrumb","itemListElement":[{"@type":"ListItem","position":1,"name":"Home","item":"https:\/\/www.positanopremialadanza.it\/web\/"},{"@type":"ListItem","position":2,"name":"54^ edizione Premio Positano L\u00e9onide Massine per l\u2019Arte della Danza 5 Settembre 2026"}]},{"@type":"WebSite","@id":"https:\/\/www.positanopremialadanza.it\/web\/#website","url":"https:\/\/www.positanopremialadanza.it\/web\/","name":"Premio Positano L\u00e9onide Massine per l&#039;Arte della Danza amalfi coast italy","description":"Positano Premia La Danza -L\u00e9onide Massine, il premio alla danza di Positano dal 1969","potentialAction":[{"@type":"SearchAction","target":{"@type":"EntryPoint","urlTemplate":"https:\/\/www.positanopremialadanza.it\/web\/?s={search_term_string}"},"query-input":"required name=search_term_string"}],"inLanguage":"it-IT"},{"@type":"Person","@id":"https:\/\/www.positanopremialadanza.it\/web\/#\/schema\/person\/ae3dff3b17d1a335a41bf911c5445294","name":"Positano Premia La Danza","image":{"@type":"ImageObject","inLanguage":"it-IT","@id":"https:\/\/www.positanopremialadanza.it\/web\/#\/schema\/person\/image\/","url":"https:\/\/secure.gravatar.com\/avatar\/0617353ce28f9ac522a77c544850a789?s=96&d=mm&r=g","contentUrl":"https:\/\/secure.gravatar.com\/avatar\/0617353ce28f9ac522a77c544850a789?s=96&d=mm&r=g","caption":"Positano Premia La Danza"},"url":"https:\/\/www.positanopremialadanza.it\/web\/author\/ilnoc\/"}]}},"_links":{"self":[{"href":"https:\/\/www.positanopremialadanza.it\/web\/wp-json\/wp\/v2\/posts\/2693"}],"collection":[{"href":"https:\/\/www.positanopremialadanza.it\/web\/wp-json\/wp\/v2\/posts"}],"about":[{"href":"https:\/\/www.positanopremialadanza.it\/web\/wp-json\/wp\/v2\/types\/post"}],"author":[{"embeddable":true,"href":"https:\/\/www.positanopremialadanza.it\/web\/wp-json\/wp\/v2\/users\/1"}],"replies":[{"embeddable":true,"href":"https:\/\/www.positanopremialadanza.it\/web\/wp-json\/wp\/v2\/comments?post=2693"}],"version-history":[{"count":5,"href":"https:\/\/www.positanopremialadanza.it\/web\/wp-json\/wp\/v2\/posts\/2693\/revisions"}],"predecessor-version":[{"id":2727,"href":"https:\/\/www.positanopremialadanza.it\/web\/wp-json\/wp\/v2\/posts\/2693\/revisions\/2727"}],"wp:attachment":[{"href":"https:\/\/www.positanopremialadanza.it\/web\/wp-json\/wp\/v2\/media?parent=2693"}],"wp:term":[{"taxonomy":"category","embeddable":true,"href":"https:\/\/www.positanopremialadanza.it\/web\/wp-json\/wp\/v2\/categories?post=2693"},{"taxonomy":"post_tag","embeddable":true,"href":"https:\/\/www.positanopremialadanza.it\/web\/wp-json\/wp\/v2\/tags?post=2693"}],"curies":[{"name":"wp","href":"https:\/\/api.w.org\/{rel}","templated":true}]}}