


{"id":2685,"date":"2025-09-02T12:03:32","date_gmt":"2025-09-02T12:03:32","guid":{"rendered":"https:\/\/www.positanopremialadanza.it\/web\/53-edizione-premio-positano-leonide-massine-per-larte-della-danza-6-settembre-2025\/"},"modified":"2025-09-02T12:03:32","modified_gmt":"2025-09-02T12:03:32","slug":"53-edizione-premio-positano-leonide-massine-per-larte-della-danza-6-settembre-2025","status":"publish","type":"post","link":"https:\/\/www.positanopremialadanza.it\/web\/en\/53-edizione-premio-positano-leonide-massine-per-larte-della-danza-6-settembre-2025\/","title":{"rendered":"53^ edizione Premio Positano L\u00e9onide Massine per l\u2019Arte della Danza 6 Settembre 2025"},"content":{"rendered":"<p><img loading=\"lazy\" class=\"alignnone size-large wp-image-2465\" src=\"https:\/\/www.positanopremialadanza.it\/web\/wp-content\/uploads\/2025\/09\/logo_premio_danza_2025_orizz-1024x474.png\" alt=\"\" width=\"1024\" height=\"474\" srcset=\"https:\/\/www.positanopremialadanza.it\/web\/wp-content\/uploads\/2025\/09\/logo_premio_danza_2025_orizz-1024x474.png 1024w, https:\/\/www.positanopremialadanza.it\/web\/wp-content\/uploads\/2025\/09\/logo_premio_danza_2025_orizz-300x139.png 300w, https:\/\/www.positanopremialadanza.it\/web\/wp-content\/uploads\/2025\/09\/logo_premio_danza_2025_orizz-768x356.png 768w, https:\/\/www.positanopremialadanza.it\/web\/wp-content\/uploads\/2025\/09\/logo_premio_danza_2025_orizz.png 1500w\" sizes=\"(max-width: 1024px) 100vw, 1024px\" \/><\/p>\n<p style=\"text-align: center;\"><strong>Premio Positano L\u00e9onide Massine <\/strong><\/p>\n<p style=\"text-align: center;\"><strong>53\u00aa Edizione del premio di danza pi\u00f9 antico del mondo<\/strong><\/p>\n<p style=\"text-align: center;\"><strong>Sabato 6 settembre ore 21.00 <\/strong><\/p>\n<p style=\"text-align: center;\"><strong>Gran Gala sulla Spiaggia<\/strong><\/p>\n<p style=\"text-align: center;\"><strong>\u00a0Classico e contemporaneo, da sempre <\/strong><\/p>\n<p><strong>\u00a0<\/strong><\/p>\n<p style=\"text-align: center;\"><strong>Premio alla Carriera<\/strong><\/p>\n<p style=\"text-align: center;\"><strong>Angelin Preljocaj<\/strong><\/p>\n<p style=\"text-align: center;\">grande innovatore del balletto contemporaneo<\/p>\n<p style=\"text-align: center;\"><strong>Premio \u2018Contemporary Urban Choreography-Body, Image e Community\u2019 <\/strong><\/p>\n<p style=\"text-align: center;\">a <strong>Yaman Okur<\/strong><\/p>\n<p style=\"text-align: center;\"><strong>\u00a0<\/strong><\/p>\n<p style=\"text-align: center;\"><strong>Danzatrice dell\u2019anno<\/strong><\/p>\n<p style=\"text-align: center;\"><strong>Liudmila Konovalova<\/strong><\/p>\n<p style=\"text-align: center;\"><strong>Wiener Staatsballett <\/strong><\/p>\n<p>&nbsp;<\/p>\n<p style=\"text-align: center;\"><strong>Danzatori provenienti da<\/strong><\/p>\n<p><strong>Italia, Francia, Stati Uniti, Cina, Cuba, Giappone, Turchia, Albania, Gran Bretagna, Austria, Nuova Zelanda, Germania.<\/strong><\/p>\n<p>&nbsp;<\/p>\n<p>Il Premio Positano L\u00e9onide Massine per l&#8217;arte della danza, il riconoscimento pi\u00f9 antico del mondo, celebra i suoi 53 anni sul palco della spiaggia grande sotto le stelle, sabato 6 settembre ore 21, con un eccezionale programma tra classico e contemporaneo e un palmar\u00e8s di premiati che di anno in anno diventa sempre pi\u00f9 ricco e multidisciplinare.<\/p>\n<p>Interamente finanziato e organizzato dal Comune di Positano, con la <strong>direzione artistica<\/strong> di <strong>Laura Valente<\/strong>, che lo guida dal 2016, il L\u00e9onide Massine 53\/ma edizione assegna il <strong>Premio alla Carriera <\/strong>ad <strong>Angelin Preljocaj<\/strong>.<\/p>\n<p>Il grande coreografo francese di origini albanesi, \u00e8 stato capace di attraversare in maniera originale i confini tra tradizione e avanguardia, fondendo rigore tecnico ad una sensibilit\u00e0 artistica che ha trasformato il corpo in uno strumento di espressione poetica e intelligenza scenica. Dal suo debutto al Festival di Montpellier nel 1984, il suo tratto, figlio delle \u2018culture\u2019 da cui proviene, lo ha subito posto all\u2019attenzione dei pi\u00f9 importanti teatri del mondo. Per le compagnie pi\u00f9 prestigiose ha creato, tra le altre: Le Parc e Annunciation (Op\u00e9ra de Paris e Scala di Milano), La Stravaganza (New York City Ballet) e And then one thousand years of piece (Bolshoi).\u00a0 Ricerca instancabile, la sua &#8211; tra movimento, significato e forma -, che ha dato vita a coreografie che si muovono sapientemente tra astrazione formale e sensualit\u00e0 narrativa dei corpi, aprendo nuovi orizzonti interpretativi e ispirando generazioni di danzatori e coreografi. Con il suo Ballet Preljocaj ad Aix-en-Provence ha affrontato un\u2019impresa coraggiosa: presentare i suoi lavori e ospitare altri coreografi in residenza, confermando la propria dedizione ad una idea di arte mai autoreferenziale.<\/p>\n<p>Come sempre il palmar\u00e8s dei danzatori dell\u2019anno \u00e8 globale: provenienze e origini da tutto il mondo: <strong>Italia, Francia, Stati Uniti, Cina, Cuba, Giappone, Turchia, Albania, Gran Bretagna, Austria, Nuova Zelanda, Germania<\/strong>. Dall\u2019<strong>American Ballet Theatre<\/strong> la stella emergente <strong>Kayla Mak<\/strong>, cos\u00ec come il giovanissimo <strong>Max Barker<\/strong> di <strong>ABT Studio Company; \u00e9toiles, principal del Royal Ballet <\/strong>fuoriclasse delle due punte come<strong> Mayara Magri<\/strong> e <strong>Matthew Ball<\/strong>, cos\u00ec come dal <strong>Ballet de l\u2019Op\u00e9ra de Paris Lorenzo Lelli<\/strong> e <strong>Clara Mousseigne<\/strong>.<\/p>\n<p>Per l\u2019omaggio ad Angelin Preljocaj in scena dal <strong>Bayerisches Staatsballett<\/strong> <strong>Jakob Feyferlik <\/strong>e <strong>Ksenia Shevtsova<\/strong> mentre dal <strong>Balletto del Teatro di San Carlo Vittoria Bruno<\/strong> danzer\u00e0 con\u00a0 <strong>Daniele Di Donato<\/strong> (gi\u00e0 premio L\u00e9onide Massine giovani promesse 2018).<\/p>\n<p><strong>Dal Wiener Staatsballett <\/strong>arriva la bellezza e l\u2019eleganza della danzatrice dell\u2019anno al Massine: <strong>Liudmila Konovalova, <\/strong>formatasi al Bolshoi (first soloist e interprete del grande repertorio romantico per eccellenza, dal 2004), per approdare al <strong>Staatsballett Berlin<\/strong> poi al <strong>Wiener Staatsballett<\/strong> dal 2011, \u00e9toile dalla tecnica granitica e dall\u2019espressivit\u00e0 intensa.<\/p>\n<p>Un <strong>Premio Speciale \u2018Contemporary Urban Choreography-Body, Image e Community\u2019<\/strong>, \u00e8 dedicato al percorso artistico e umano di <strong>Yaman Okur<\/strong>, figura di riferimento internazionale nella danza urbana contemporanea. Le sue creazioni confermano la sua capacit\u00e0 di esplorare &#8211; attraverso il movimento &#8211; i temi dell\u2019identit\u00e0 e della libert\u00e0 attraverso un dialogo raffinato tra break dance e musica classica. Come coreografo ha dato la sua impronta al recente musical di grande successo tratto dal film cult \u2018La haine\u2019 di Mathieu Kassovitz (1995). L&#8217;artista di origine turca ha collaborato, inoltre, alla creazione di coreografie originali per artisti pop come Madonna, Rihanna, Kanye West, Jay-Z, Beyonc\u00e9, Justin Timberlake, Snoop Dogg.<\/p>\n<p>Il coreografo <strong>Luciano Cannito<\/strong> incarna, invece, pienamente lo spirito del <strong>\u2018Premio Luca Vespoli\u2019,<\/strong> riconoscimento destinato a quelle personalit\u00e0 che hanno saputo attraversare linguaggi e stili diversi, contribuendo a rendere la danza un\u2019arte pi\u00f9 accessibile, apprezzata e comprensibile da un pubblico ampio e trasversale. Gi\u00e0 direttore dei Corpi di Ballo del Teatro San Carlo di Napoli, del Teatro Massimo di Palermo. Coreografo, regista di teatro e di musical, attualmente \u00e8 Presidente del Teatro Stabile Mercadante di Napoli (dal 2023), Direttore Artistico del Teatro Alfieri e del Teatro Gioiello di Torino, dell\u2019Art Village Roma e delle compagnie Roma City Ballet Company e Roma City Musical. Inoltre, \u00e8 membro del Consiglio di Sorveglianza della SIAE e parte del Tavolo Permanente della Danza presso il Ministero della Cultura.<\/p>\n<p>&nbsp;<\/p>\n<h3><strong>Palmar\u00e8s premiati Positano L\u00e9onide Massine edizione 53:<\/strong><\/h3>\n<p><strong>American Ballet Theatre<\/strong><\/p>\n<p><strong>Kayla Mak<\/strong>_USA_GIAPPONE_CINA_CUBA<\/p>\n<p><strong>ABT Studio Company<\/strong><\/p>\n<p><strong>Max Barker<\/strong>_USA<\/p>\n<p><strong>The Royal Ballet<\/strong><\/p>\n<p><strong>Mayara Magri<\/strong>_ BRASILE_INGHILTERRA<br \/>\n<strong>Matthew Ball<\/strong>_ INGHILTERRA<\/p>\n<p><strong>Wiener Staatsballett<\/strong><\/p>\n<p><strong>Liudmila Konovalova<\/strong>_RUSSIA_AUSTRIA<\/p>\n<p><strong>Ballet de l\u2019Op\u00e9ra de Paris<br \/>\nLorenzo Lelli<\/strong>_ITALIA_FRANCIA<br \/>\n<strong>Clara Mousseigne<\/strong>_GIAPPONE_FRANCIA<\/p>\n<p>Per l\u2019omaggio ad Angelin Preljocaj:<\/p>\n<p><strong>Jakob Feyferlik<\/strong>_AUSTRIA_MONACO DI BAVIERA<\/p>\n<p><strong>Ksenia Shevtsova<\/strong>_RUSSIA_MONACO DI BAVIERA<\/p>\n<p>Principal Dancer <strong>Bayerisches Staatsballett <\/strong><\/p>\n<p><strong>Balletto del Teatro di San Carlo<\/strong><\/p>\n<p><strong>Vittoria Bruno<\/strong>_ITALIA<\/p>\n<p><strong>Daniele Di Donato<\/strong>_ITALIA<\/p>\n<p><strong><br \/>\nPremio Speciale <\/strong><\/p>\n<p><strong>Yaman Okur<\/strong>_FRANCIA_TURCHIA<\/p>\n<p><strong>Premio divulgazione, sostegno e promozione della danza \u2018Luca Vespoli\u2019\u00a0 <\/strong><\/p>\n<p><strong>Luciano Cannito<\/strong>_ITALIA<\/p>\n<p>&nbsp;<\/p>\n<p><strong>Il premio di danza pi\u00f9 antico del mondo<\/strong>, riconosciuto nel 2018 dal Ministero dei Beni Culturali <strong>\u201crassegna storica unica nel suo genere\u201d <\/strong>si svolger\u00e0 con il seguente programma:<\/p>\n<p><strong>Sabato 6 settembre <\/strong><\/p>\n<p><strong>Cripta Villa Romana, ore 18.00<\/strong><\/p>\n<ul>\n<li>Incontro pubblico <strong>con i protagonisti della 53\/ma edizione del Premio Positano L\u00e9onide Massine <\/strong><\/li>\n<\/ul>\n<p><strong>Sabato 6 settembre<\/strong><\/p>\n<p><strong>Spiaggia Grande, ore 21:00<\/strong><\/p>\n<ul>\n<li><strong>Spettacolo con gli Artisti Premiati: Premio Positano L\u00e9onide Massine per l\u2019arte della danza\u00a0 53\/ma\u00a0 edizione:<\/strong><\/li>\n<\/ul>\n<p><strong>\u00a0<\/strong><\/p>\n<p><strong>\u00a0<\/strong><\/p>\n<p><strong>DICHIARAZIONE SINDACO DI POSITANO GIUSEPPE GUIDA<\/strong><\/p>\n<p>\u201cPositano rinnova il suo fascino di \u2018capitale della danza\u2019 con una nuova straordinaria edizione del premio pi\u00f9 antico al mondo dedicato all\u2019arte coreutica, intitolato a L\u00e9onide Massine. E per uno spettacolo talmente magico non potrebbe mai esistere cornice migliore della nostra spiaggia grande, con il suo palcoscenico sulla spiaggia e l\u2019iconico sfondo Isola de Li Galli, che riporta universalmente al fascino del divo Nureyev. Anche quest\u2019anno proponiamo un programma\u00a0 di altissimo livello grazie alla direzione artistica di Laura Valente e\u00a0 al supporto del nostro eccellente board, una rete di grandi personalit\u00e0 che a Positano anno dopo anno si ritrova nel nome della danza. Il Massine per noi non \u00e8 solo un premio prestigioso, momento di grandi successi ed esposizione mediatica, ma \u00e8 un patrimonio di tutta la comunit\u00e0 che teniamo stretto e valorizziamo per tramandare alle giovani e future generazioni. Basti pensare che da oltre mezzo secolo non ci siamo mai fermati, neanche durante il Covid, grazie all\u2019affetto di tutte le grandi artiste e artisti che onorano la nostra storia&#8221;.<\/p>\n<p>&nbsp;<\/p>\n<p><strong>DICHIARAZIONE DIRETTRICE ARTISTICA LAURA VALENTE<\/strong><\/p>\n<p>\u201cUn classico che continua a guardare al futuro, nel segno degli artisti che, un secolo fa, consacrarono Positano capitale della danza. Anche in questa edizione, il Premio Massine si conferma sempre pi\u00f9 un palcoscenico globale, capace di mettere in dialogo i grandi protagonisti della scena internazionale con i talenti emergenti e con i nuovi linguaggi del contemporaneo. Il Premio alla Carriera a Angelin Preljocaj \u00e8 un tributo alla libert\u00e0 creativa di una delle voci pi\u00f9 autorevoli della coreografia mondiale: un artista capace di coniugare rigore tecnico e pensiero indipendente, trasformando il corpo umano in uno strumento di intelligenza scenica e potente poesia del gesto. In questa edizione il pensiero va alla grande coreografa e danzatrice sudafricana Dada Masilo, lo scorso anno premiata con il Massine alla Carriera e prematuramente scomparsa\u201d.<\/p>\n<p>&nbsp;<\/p>\n<p><strong>IL BOARD SCIENTIFICO\u00a0 2025<\/strong><\/p>\n<p>Nel\u00a0 biennio 2025-2026 il board \u00e8 composto da:<br \/>\n<strong>Jos\u00e9 Carlos Mart\u00ednez<\/strong> Directeur de la Danse de l&#8217;Op\u00e9ra National de Paris (Francia\/Spagna),<br \/>\n<strong>Susan Jaffe<\/strong>, Artistic Director of the American Ballet Theatre (Stati Uniti)<br \/>\n<strong>Clotilde Vayer<\/strong>, Direttrice del Balletto del Teatro di San Carlo (Italia\/Francia)<br \/>\n<strong>Kevin O\u2019Hare<\/strong>, Direttore del Royal Ballet\u00a0 (Inghilterra\/GB)<br \/>\n<strong>Fr\u00e9d\u00e9ric Olivieri, <\/strong>Direttore del Corpo di Ballo del Teatro alla Scala (Italia\/Francia)<br \/>\n<strong>Laura Valente <\/strong>Direttrice Artistica del Massine Prize dal 2016 (Italia).<\/p>\n<p>&nbsp;<\/p>\n<p>Dopo tante edizioni del premio guidate da<strong> Alberto Testa e Alfio Agostini<\/strong> (ad entrambi\u00a0 il riconoscimento di \u2018presidente onorario\u2019 dal Comune di Positano), nel 2023 la giuria ha cambiato pelle diventando un board scientifico composto da\u00a0 direttori di compagnie e festival internazionali, che si alternano di anno in anno garantendo\u00a0 una sempre cangiante prospettiva e approccio, oltre alla possibilit\u00e0 per i vincitori &#8211; soprattutto giovani talenti &#8211;\u00a0 di essere visti da produttori italiani e stranieri.<\/p>\n<p>&nbsp;<\/p>\n<p><em><strong>Nel biennio 2023-204 il board \u00e8 stato composto da:<\/strong><\/em><\/p>\n<p>Susan Jaffe, Artistic Director of the American Ballet Theatre (Stati Uniti)<\/p>\n<p>Joaqu\u00edn De Luz Director Art\u00edstico Compa\u00f1\u00eda Nacional de Danza (Spagna)<\/p>\n<p>Clotilde Vayer, Direttrice Corpo di Ballo Teatro di San Carlo (Italia\/Francia)<\/p>\n<p>Ana Laguna, Ballerina e Formatrice (Spagna\/Svezia)<\/p>\n<p>Jos\u00e9 Carlos Mart\u00ednez Directeur de la Danse de l&#8217;Op\u00e9ra National de Paris (Francia\/Spagna),<\/p>\n<p>Laura Valente Direttrice Artistica del Massine Prize dal 2016 (Italia).<\/p>\n<p>Dal 2023 <strong>Alessio Carbone<\/strong>, pi\u00f9 volte nel corso della sua carriera vincitore del Premio Positano, \u00e8 coordinatore nello staff della Direzione Artistica.<\/p>\n<p><strong>PERGAMENA SIMBOLO &#8211; Si rinnova in particolare la collaborazione con il Teatro di San Carlo di Napoli<\/strong>, che vanta la prima scuola di ballo di un teatro d\u2019opera italiano, fondata nel 1812: per gentile concessione del Museo e Archivio Storico della Fondazione Teatro di San Carlo, dal 2017 il simbolo della manifestazione \u00e8 <strong>un bozzetto di scena di Paolo Ricci realizzato <\/strong>attivo a Napoli, autore di molti lavori per il teatro, incontr\u00f2 uno dei titoli pi\u00f9 significativi della stagione dei Ballets Russes, e pi\u00f9 in generale della danza e della musica contemporanea, gi\u00e0 coreografato da Massine e di cui Nureyev fu tra gli interpreti ideali.<\/p>\n<p>&nbsp;<\/p>\n<p style=\"text-align: center;\"><strong>PROGRAMMA<\/strong><\/p>\n<p style=\"text-align: center;\"><strong>Conduce la giornalista Maria Cava<\/strong><\/p>\n<p>&nbsp;<\/p>\n<p style=\"text-align: center;\"><strong>\u201dTarantella\u201d<\/strong><\/p>\n<p style=\"text-align: center;\"><strong>Musica: Louis Moreau Gottschalk<\/strong><\/p>\n<p style=\"text-align: center;\"><strong>Reconstructed and Orchestrated by Hershy Kay<\/strong><\/p>\n<p style=\"text-align: center;\"><strong>Coreografia: George Balanchine &#8211; The George Balanchine Trust<\/strong><\/p>\n<p style=\"text-align: center;\"><strong>Interpreti: Kayla Mak e Max Barker<\/strong><\/p>\n<p style=\"text-align: center;\"><strong>\u00a0<\/strong><\/p>\n<p style=\"text-align: center;\"><strong>\u201dLa bella addormentata\u201d, atto III, passo a due <\/strong><\/p>\n<p style=\"text-align: center;\"><strong>Musica: Piotr Il&#8217;i\u010d \u010cajkovskij<\/strong><\/p>\n<p style=\"text-align: center;\"><strong>Coreografia: Marius Petipa<\/strong><\/p>\n<p style=\"text-align: center;\"><strong>Interpreti: Clara Mousseigne, Lorenzo Lelli<\/strong><\/p>\n<p style=\"text-align: center;\"><strong>\u00a0<\/strong><\/p>\n<p style=\"text-align: center;\"><strong>\u201dArbakkin\u201d<\/strong><\/p>\n<p style=\"text-align: center;\"><strong>Musica: \u00d3lafur Arnalds<\/strong><\/p>\n<p style=\"text-align: center;\"><strong>Coreografia: Simone Valastro <\/strong><\/p>\n<p style=\"text-align: center;\"><strong>Interpreti: Vittoria Bruno, Daniele di Donato <\/strong><\/p>\n<p style=\"text-align: center;\"><strong>\u00a0<\/strong><\/p>\n<p style=\"text-align: center;\"><strong>\u201cEvanescenza\u201d<\/strong><\/p>\n<p style=\"text-align: center;\"><strong>Musica: Giacomo Puccini, Vissi d\u2019arte, Vissi d\u2019amore da Tosca<\/strong><\/p>\n<p style=\"text-align: center;\"><strong>Coreografia: S\u00e9bastien Bertaud <\/strong><\/p>\n<p style=\"text-align: center;\"><strong>Interprete: Liudmila Konovalova <\/strong><\/p>\n<p style=\"text-align: center;\"><strong>\u00a0<\/strong><\/p>\n<p style=\"text-align: center;\"><strong>\u201cHuman\u201d <\/strong><\/p>\n<p style=\"text-align: center;\"><strong>Musica: Blick Bassi<\/strong><\/p>\n<p style=\"text-align: center;\"><strong>Coreografia: Yannick Lebrun<\/strong><\/p>\n<p style=\"text-align: center;\"><strong>Interprete: Kayla Mak<\/strong><\/p>\n<p style=\"text-align: center;\"><strong>\u00a0<\/strong><\/p>\n<p style=\"text-align: center;\"><strong>\u201cTo &amp; Fro\u201d<\/strong><\/p>\n<p style=\"text-align: center;\"><strong>Musica: Ottorino Respighi<\/strong><\/p>\n<p style=\"text-align: center;\"><strong>Coreografia: Matthew Ball<\/strong><\/p>\n<p style=\"text-align: center;\"><strong>Interpreti: Mayara Magri, Matthew Ball<\/strong><\/p>\n<p style=\"text-align: center;\"><strong>\u00a0<\/strong><\/p>\n<p style=\"text-align: center;\"><strong>\u201dAssolo\u201d<\/strong><\/p>\n<p style=\"text-align: center;\"><strong>Musica: Paddy Fiels, Armand Amar<\/strong><\/p>\n<p style=\"text-align: center;\"><strong>Coreografia e interprete: Yaman Okur<\/strong><\/p>\n<p style=\"text-align: center;\"><strong>\u00a0<\/strong><\/p>\n<p style=\"text-align: center;\"><strong>\u201cCorsaro\u201d<\/strong><\/p>\n<p style=\"text-align: center;\"><strong>Atto II Passo a due<\/strong><\/p>\n<p style=\"text-align: center;\"><strong>Musica: Riccardo Drigo<\/strong><\/p>\n<p style=\"text-align: center;\"><strong>Coreografia: Marius Petipa<\/strong><\/p>\n<p style=\"text-align: center;\"><strong>Interpreti: Clara Mousseigne, Lorenzo Lelli<\/strong><\/p>\n<p style=\"text-align: center;\"><strong>\u00a0<\/strong><\/p>\n<p style=\"text-align: center;\"><strong>\u201cLa morte del Cigno\u201d<\/strong><\/p>\n<p style=\"text-align: center;\"><strong>Musica: Camille Saint-Sa\u00ebns<\/strong><\/p>\n<p style=\"text-align: center;\"><strong>Coreografia: Michel Fokine<\/strong><\/p>\n<p style=\"text-align: center;\"><strong>Interpreti: Liudmila Konovalova <\/strong><\/p>\n<p style=\"text-align: center;\"><strong>\u00a0<\/strong><\/p>\n<p style=\"text-align: center;\"><strong>\u201dLe parc\u201d<\/strong><\/p>\n<p style=\"text-align: center;\"><strong>passo a due <\/strong><\/p>\n<p style=\"text-align: center;\"><strong>Musica: Wolfgang Amadeus Mozart<\/strong><\/p>\n<p style=\"text-align: center;\"><strong>Coreografia: Angelin Preljocaj<\/strong><\/p>\n<p style=\"text-align: center;\"><strong>Interpreti: Ksenia Shevtsova, Jakob Feyferlik<\/strong><\/p>\n<p style=\"text-align: center;\"><strong>Omaggio ad Angelin Preljocaj<\/strong><\/p>\n<p style=\"text-align: center;\"><strong>\u00a0<\/strong><\/p>\n<p><strong>I LUOGHI\u00a0 <\/strong><\/p>\n<p>A fare da scenario agli eventi in calendario saranno utilizzate le seguenti location:<\/p>\n<ul>\n<li><strong>Spiaggia Grande <\/strong><\/li>\n<li><strong>Villa Romana <\/strong><\/li>\n<\/ul>\n<p><strong>\u00a0<\/strong><\/p>\n<p><strong>SPIAGGIA GRANDE <\/strong><\/p>\n<p>Positano \u00e8 ricca di spiagge e calette, ma sicuramente la pi\u00f9 nota e la pi\u00f9 conosciuta \u00e8 la Spiaggia Grande: manto di granelli dorati, lunga oltre 300 metri considerata una delle pi\u00f9 mondane e amata dai turisti di tutto il mondo. Lo scenario \u00e8 unico, assolutamente grandioso e irresistibile: avvolta dalle pendici del Monte Sant&#8217;Angelo, con le casette colorate che scendono a raggiera fin sul mare, di giorno trasforma la balneazione in queste acque in una esperienza da set cinematografico, la sera \u00e8 il punto di incontro di turisti e persone del luogo e fa da salotto ai numerosi eventi che si alternano soprattutto nel periodo estivo a Positano.<\/p>\n<p>Ogni anno questo luogo fa da scenario agli eventi di maggior richiamo del \u201c<strong>Premio Positano L\u00e9onide Massine per l\u2019arte della danza\u201d<\/strong><\/p>\n<p>Su un palco\/teatro all\u2019aperto &#8211; appositamente costruito ogni anno per ospitare il Festival con oltre 500 posti a sedere \u2013 ogni anno va in scena una grande serata di\u00a0 grande danza in cui si esibiscono gli artisti premiati e che vede i pi\u00f9 importanti ballerini della scena internazionale, danzatori contemporanei emergenti, compagnie d\u2019autore e figure autorevoli che hanno contribuito, con la loro opera, alla crescita dell\u2019arte tersicorea.<\/p>\n<p>Il palcoscenico della Spiaggia Grande ha visto nel tempo personaggi di calibro internazionale da Alicia Alonso a\u00a0 William Forsythe, da Carla Fracci a Svetlana Zahkarova e Vladimir Vassiliev,\u00a0 da Ji\u0159\u00ed Kyli\u00e1n\u00a0 ad Alessandra Ferri e Dada Masilo, solo per citarne alcuni. Oltre naturalmente al divino Nureyev.<\/p>\n<p>&nbsp;<\/p>\n<p><strong>LA VILLA ROMANA SI RACCONTA, progetto multidisciplinare<\/strong><\/p>\n<p>Sempre pi\u00f9 forte si conferma il legame tra Danza e Archeologia anche grazie al progetto &#8216;La Villa Romana si racconta&#8217; curato da Laura Valente,\u00a0 vincitore del bando per il Ministero degli interni per i Borghi d&#8217;arte che quest\u2019anno si conclude dal punto di vista del finanziamento del bando ma che continua come appuntamento a cui i turisti sono affezionati. Saranno organizzate in occasione del premio visite guidate\u00a0 nello\u00a0 splendido sito della Villa Romana.<\/p>\n<p>Sepolta dall&#8217;eruzione del Vesuvio del 79 d.C. (e rimasta sconosciuta fino a pochi anni fa) la Villa Romana di Positano custodisce reperti archeologici dal valore inestimabile come un ciclo di affreschi del I secolo dopo Cristo. La Villa si colloca al di sotto della chiesa di Santa Maria Assunta. A dieci metri di profondit\u00e0 \u00e8 possibile ammirare i restaurati affreschi sulle pareti: ippocampi, colonne dorate, grifoni e un Pegaso alato. Considerata la pi\u00f9 grande scoperta archeologica avvenuta in Costiera negli ultimi decenni, la grande stanza affrescata fu sepolta dalla pioggia di cenere e detriti dell&#8217;eruzione del vulcano partenopeo che rase al suolo Pompei ed Ercolano. \u00c8 stato realizzato un percorso con passerelle e un impianto di illuminazione, accessibile anche a tutti.<\/p>\n<p>&nbsp;<\/p>\n<p><strong>Il progetto multidisciplinare &#8216;La Villa Romana si racconta&#8217; prevede: podcast <\/strong>(piattaforme Spotify e Loquis)<strong> curati <\/strong>dalla giornalista <strong>Daniela Sari<\/strong>, elaborazioni sonore di Emanuele Pusceddu, produzione da Casa del Contemporaneo &#8211; Centro di Produzione Teatrale;<\/p>\n<p><strong>web app, <\/strong>Direzione Creativa: <strong>Francesca Pavese<\/strong> con <strong>Vito Della Speranza<\/strong> (Sintesi Studio); UX \/ UI Direction: Vittorio Borgia. Produzione Tour 360\u00b0: Marco Bizzarro, Lidia Bizzarro. Lo Sviluppo Software di Giuseppe Ferrandino, le fotografie sono di Vito Fusco;<\/p>\n<p><strong>fumetto \u2018Isadora\u2019,<\/strong> edito da <strong>Comix <\/strong>e firmato da <strong>Chiara Macor<\/strong> e <strong>Fabiana Fiengo<\/strong> e curato da <strong>Laura Valente<\/strong> &#8211; anche sulla piattaforma digitale.<\/p>\n<p><strong>BREVE STORIA DEL PREMIO<\/strong><\/p>\n<p>La perla della Costiera amalfitana\u00a0 richiama i pi\u00f9 grandi artisti delle due punte sin dagli anni \u201920 del secolo scorso, quando vi si stabil\u00ec un collaboratore di Diaghilev, seguito da Lifar, Bakst, Nijinsky, Stravinsky (oltre a personaggi come Picasso e Cocteau). L\u00e9onide Massine, il ballerino\/coreografo dei Ballets Russes, si innamor\u00f2 del luogo e il potente impresario Diaghilev gli don\u00f2 le antistanti isole dette Li Galli. Per le sue strade hanno passeggiato, tra gli altri, Vaslav Ni\u017einskij e Rudolf Nureyev, \u00a0che\u00a0 a sua volta fece de Li Galli un\u2019amata residenza. Il 2 agosto 1969 nasce il Premio Positano. Dieci anni dopo la prima edizione, alla morte di L\u00e9onide Massine, il premio venne intitolato alla sua memoria. La manifestazione ha premiato negli anni (impossibile citarli tutti) celebri artisti, da Margot Fonteyn a Rudolf Nureyev, da Maurice B\u00e9jart a Ekaterina Maximova, Carla Fracci e Luciana Savignano, Elisabetta Terabust e Roberto Bolle, Mikhail Baryshnikov, Alicia Alonso, Mats Ek, Ji\u0159\u00ed Kyli\u00e1n, Wayne McGregor, Marie Chouinard, Lutz F\u00f6rster, Vladimir Vassiliev, Nacho Duato, Svetlana Zakharova, Viengsay Vald\u00e9s e Anthony Dowell, tra i tantissimi\u00a0 artisti delle cinquanta edizioni del Premio, che non si \u00e8 mai interrotto neanche durante la pandemia e nel\u00a0 2021\u00a0 realizzato un\u2019edizione speciale dedicata a Carla Fracci. Premio alla carriera 2022 assegnato ad Alessandra Ferri e nel 2023 a Luciana Savignano, con Benjamin Millepied, nel 2024 a Dada Masilo con Luc\u00eda Lacarra danzatrice dell\u2019anno.<\/p>\n<p>&nbsp;<\/p>\n","protected":false},"excerpt":{"rendered":"<p>Premio Positano L\u00e9onide Massine 53\u00aa Edizione del premio di danza pi\u00f9 antico del mondo Sabato 6 settembre ore 21.00 Gran [&hellip;]<\/p>\n","protected":false},"author":1,"featured_media":0,"comment_status":"closed","ping_status":"closed","sticky":false,"template":"","format":"standard","meta":[],"categories":[12,10],"tags":[],"yoast_head":"<!-- This site is optimized with the Yoast SEO plugin v19.5.1 - https:\/\/yoast.com\/wordpress\/plugins\/seo\/ -->\n<title>53^ edizione Premio Positano L\u00e9onide Massine per l\u2019Arte della Danza 6 Settembre 2025 - Premio Positano L\u00e9onide Massine per l&#039;Arte della Danza amalfi coast italy<\/title>\n<meta name=\"robots\" content=\"index, follow, max-snippet:-1, max-image-preview:large, max-video-preview:-1\" \/>\n<link rel=\"canonical\" href=\"https:\/\/www.positanopremialadanza.it\/web\/en\/53-edizione-premio-positano-leonide-massine-per-larte-della-danza-6-settembre-2025\/\" \/>\n<meta property=\"og:locale\" content=\"en_US\" \/>\n<meta property=\"og:type\" content=\"article\" \/>\n<meta property=\"og:title\" content=\"53^ edizione Premio Positano L\u00e9onide Massine per l\u2019Arte della Danza 6 Settembre 2025 - Premio Positano L\u00e9onide Massine per l&#039;Arte della Danza amalfi coast italy\" \/>\n<meta property=\"og:description\" content=\"Premio Positano L\u00e9onide Massine 53\u00aa Edizione del premio di danza pi\u00f9 antico del mondo Sabato 6 settembre ore 21.00 Gran [&hellip;]\" \/>\n<meta property=\"og:url\" content=\"https:\/\/www.positanopremialadanza.it\/web\/en\/53-edizione-premio-positano-leonide-massine-per-larte-della-danza-6-settembre-2025\/\" \/>\n<meta property=\"og:site_name\" content=\"Premio Positano L\u00e9onide Massine per l&#039;Arte della Danza amalfi coast italy\" \/>\n<meta property=\"article:published_time\" content=\"2025-09-02T12:03:32+00:00\" \/>\n<meta property=\"og:image\" content=\"https:\/\/www.positanopremialadanza.it\/web\/wp-content\/uploads\/2025\/09\/logo_premio_danza_2025_orizz-1024x474.png\" \/>\n<meta name=\"author\" content=\"Positano Premia La Danza\" \/>\n<meta name=\"twitter:card\" content=\"summary\" \/>\n<meta name=\"twitter:label1\" content=\"Written by\" \/>\n\t<meta name=\"twitter:data1\" content=\"Positano Premia La Danza\" \/>\n\t<meta name=\"twitter:label2\" content=\"Est. reading time\" \/>\n\t<meta name=\"twitter:data2\" content=\"13 minutes\" \/>\n<script type=\"application\/ld+json\" class=\"yoast-schema-graph\">{\"@context\":\"https:\/\/schema.org\",\"@graph\":[{\"@type\":\"WebPage\",\"@id\":\"https:\/\/www.positanopremialadanza.it\/web\/en\/53-edizione-premio-positano-leonide-massine-per-larte-della-danza-6-settembre-2025\/\",\"url\":\"https:\/\/www.positanopremialadanza.it\/web\/en\/53-edizione-premio-positano-leonide-massine-per-larte-della-danza-6-settembre-2025\/\",\"name\":\"53^ edizione Premio Positano L\u00e9onide Massine per l\u2019Arte della Danza 6 Settembre 2025 - Premio Positano L\u00e9onide Massine per l&#039;Arte della Danza amalfi coast italy\",\"isPartOf\":{\"@id\":\"https:\/\/www.positanopremialadanza.it\/web\/#website\"},\"datePublished\":\"2025-09-02T12:03:32+00:00\",\"dateModified\":\"2025-09-02T12:03:32+00:00\",\"author\":{\"@id\":\"https:\/\/www.positanopremialadanza.it\/web\/#\/schema\/person\/ae3dff3b17d1a335a41bf911c5445294\"},\"breadcrumb\":{\"@id\":\"https:\/\/www.positanopremialadanza.it\/web\/en\/53-edizione-premio-positano-leonide-massine-per-larte-della-danza-6-settembre-2025\/#breadcrumb\"},\"inLanguage\":\"en-US\",\"potentialAction\":[{\"@type\":\"ReadAction\",\"target\":[\"https:\/\/www.positanopremialadanza.it\/web\/en\/53-edizione-premio-positano-leonide-massine-per-larte-della-danza-6-settembre-2025\/\"]}]},{\"@type\":\"BreadcrumbList\",\"@id\":\"https:\/\/www.positanopremialadanza.it\/web\/en\/53-edizione-premio-positano-leonide-massine-per-larte-della-danza-6-settembre-2025\/#breadcrumb\",\"itemListElement\":[{\"@type\":\"ListItem\",\"position\":1,\"name\":\"Home\",\"item\":\"https:\/\/www.positanopremialadanza.it\/web\/en\/\"},{\"@type\":\"ListItem\",\"position\":2,\"name\":\"53^ edizione Premio Positano L\u00e9onide Massine per l\u2019Arte della Danza 6 Settembre 2025\"}]},{\"@type\":\"WebSite\",\"@id\":\"https:\/\/www.positanopremialadanza.it\/web\/#website\",\"url\":\"https:\/\/www.positanopremialadanza.it\/web\/\",\"name\":\"Premio Positano L\u00e9onide Massine per l&#039;Arte della Danza amalfi coast italy\",\"description\":\"Positano Premia La Danza -L\u00e9onide Massine, il premio alla danza di Positano dal 1969\",\"potentialAction\":[{\"@type\":\"SearchAction\",\"target\":{\"@type\":\"EntryPoint\",\"urlTemplate\":\"https:\/\/www.positanopremialadanza.it\/web\/?s={search_term_string}\"},\"query-input\":\"required name=search_term_string\"}],\"inLanguage\":\"en-US\"},{\"@type\":\"Person\",\"@id\":\"https:\/\/www.positanopremialadanza.it\/web\/#\/schema\/person\/ae3dff3b17d1a335a41bf911c5445294\",\"name\":\"Positano Premia La Danza\",\"image\":{\"@type\":\"ImageObject\",\"inLanguage\":\"en-US\",\"@id\":\"https:\/\/www.positanopremialadanza.it\/web\/#\/schema\/person\/image\/\",\"url\":\"https:\/\/secure.gravatar.com\/avatar\/0617353ce28f9ac522a77c544850a789?s=96&d=mm&r=g\",\"contentUrl\":\"https:\/\/secure.gravatar.com\/avatar\/0617353ce28f9ac522a77c544850a789?s=96&d=mm&r=g\",\"caption\":\"Positano Premia La Danza\"},\"url\":\"https:\/\/www.positanopremialadanza.it\/web\/en\/author\/ilnoc\/\"}]}<\/script>\n<!-- \/ Yoast SEO plugin. -->","yoast_head_json":{"title":"53^ edizione Premio Positano L\u00e9onide Massine per l\u2019Arte della Danza 6 Settembre 2025 - Premio Positano L\u00e9onide Massine per l&#039;Arte della Danza amalfi coast italy","robots":{"index":"index","follow":"follow","max-snippet":"max-snippet:-1","max-image-preview":"max-image-preview:large","max-video-preview":"max-video-preview:-1"},"canonical":"https:\/\/www.positanopremialadanza.it\/web\/en\/53-edizione-premio-positano-leonide-massine-per-larte-della-danza-6-settembre-2025\/","og_locale":"en_US","og_type":"article","og_title":"53^ edizione Premio Positano L\u00e9onide Massine per l\u2019Arte della Danza 6 Settembre 2025 - Premio Positano L\u00e9onide Massine per l&#039;Arte della Danza amalfi coast italy","og_description":"Premio Positano L\u00e9onide Massine 53\u00aa Edizione del premio di danza pi\u00f9 antico del mondo Sabato 6 settembre ore 21.00 Gran [&hellip;]","og_url":"https:\/\/www.positanopremialadanza.it\/web\/en\/53-edizione-premio-positano-leonide-massine-per-larte-della-danza-6-settembre-2025\/","og_site_name":"Premio Positano L\u00e9onide Massine per l&#039;Arte della Danza amalfi coast italy","article_published_time":"2025-09-02T12:03:32+00:00","og_image":[{"url":"https:\/\/www.positanopremialadanza.it\/web\/wp-content\/uploads\/2025\/09\/logo_premio_danza_2025_orizz-1024x474.png"}],"author":"Positano Premia La Danza","twitter_card":"summary","twitter_misc":{"Written by":"Positano Premia La Danza","Est. reading time":"13 minutes"},"schema":{"@context":"https:\/\/schema.org","@graph":[{"@type":"WebPage","@id":"https:\/\/www.positanopremialadanza.it\/web\/en\/53-edizione-premio-positano-leonide-massine-per-larte-della-danza-6-settembre-2025\/","url":"https:\/\/www.positanopremialadanza.it\/web\/en\/53-edizione-premio-positano-leonide-massine-per-larte-della-danza-6-settembre-2025\/","name":"53^ edizione Premio Positano L\u00e9onide Massine per l\u2019Arte della Danza 6 Settembre 2025 - Premio Positano L\u00e9onide Massine per l&#039;Arte della Danza amalfi coast italy","isPartOf":{"@id":"https:\/\/www.positanopremialadanza.it\/web\/#website"},"datePublished":"2025-09-02T12:03:32+00:00","dateModified":"2025-09-02T12:03:32+00:00","author":{"@id":"https:\/\/www.positanopremialadanza.it\/web\/#\/schema\/person\/ae3dff3b17d1a335a41bf911c5445294"},"breadcrumb":{"@id":"https:\/\/www.positanopremialadanza.it\/web\/en\/53-edizione-premio-positano-leonide-massine-per-larte-della-danza-6-settembre-2025\/#breadcrumb"},"inLanguage":"en-US","potentialAction":[{"@type":"ReadAction","target":["https:\/\/www.positanopremialadanza.it\/web\/en\/53-edizione-premio-positano-leonide-massine-per-larte-della-danza-6-settembre-2025\/"]}]},{"@type":"BreadcrumbList","@id":"https:\/\/www.positanopremialadanza.it\/web\/en\/53-edizione-premio-positano-leonide-massine-per-larte-della-danza-6-settembre-2025\/#breadcrumb","itemListElement":[{"@type":"ListItem","position":1,"name":"Home","item":"https:\/\/www.positanopremialadanza.it\/web\/en\/"},{"@type":"ListItem","position":2,"name":"53^ edizione Premio Positano L\u00e9onide Massine per l\u2019Arte della Danza 6 Settembre 2025"}]},{"@type":"WebSite","@id":"https:\/\/www.positanopremialadanza.it\/web\/#website","url":"https:\/\/www.positanopremialadanza.it\/web\/","name":"Premio Positano L\u00e9onide Massine per l&#039;Arte della Danza amalfi coast italy","description":"Positano Premia La Danza -L\u00e9onide Massine, il premio alla danza di Positano dal 1969","potentialAction":[{"@type":"SearchAction","target":{"@type":"EntryPoint","urlTemplate":"https:\/\/www.positanopremialadanza.it\/web\/?s={search_term_string}"},"query-input":"required name=search_term_string"}],"inLanguage":"en-US"},{"@type":"Person","@id":"https:\/\/www.positanopremialadanza.it\/web\/#\/schema\/person\/ae3dff3b17d1a335a41bf911c5445294","name":"Positano Premia La Danza","image":{"@type":"ImageObject","inLanguage":"en-US","@id":"https:\/\/www.positanopremialadanza.it\/web\/#\/schema\/person\/image\/","url":"https:\/\/secure.gravatar.com\/avatar\/0617353ce28f9ac522a77c544850a789?s=96&d=mm&r=g","contentUrl":"https:\/\/secure.gravatar.com\/avatar\/0617353ce28f9ac522a77c544850a789?s=96&d=mm&r=g","caption":"Positano Premia La Danza"},"url":"https:\/\/www.positanopremialadanza.it\/web\/en\/author\/ilnoc\/"}]}},"_links":{"self":[{"href":"https:\/\/www.positanopremialadanza.it\/web\/en\/wp-json\/wp\/v2\/posts\/2685"}],"collection":[{"href":"https:\/\/www.positanopremialadanza.it\/web\/en\/wp-json\/wp\/v2\/posts"}],"about":[{"href":"https:\/\/www.positanopremialadanza.it\/web\/en\/wp-json\/wp\/v2\/types\/post"}],"author":[{"embeddable":true,"href":"https:\/\/www.positanopremialadanza.it\/web\/en\/wp-json\/wp\/v2\/users\/1"}],"replies":[{"embeddable":true,"href":"https:\/\/www.positanopremialadanza.it\/web\/en\/wp-json\/wp\/v2\/comments?post=2685"}],"version-history":[{"count":0,"href":"https:\/\/www.positanopremialadanza.it\/web\/en\/wp-json\/wp\/v2\/posts\/2685\/revisions"}],"wp:attachment":[{"href":"https:\/\/www.positanopremialadanza.it\/web\/en\/wp-json\/wp\/v2\/media?parent=2685"}],"wp:term":[{"taxonomy":"category","embeddable":true,"href":"https:\/\/www.positanopremialadanza.it\/web\/en\/wp-json\/wp\/v2\/categories?post=2685"},{"taxonomy":"post_tag","embeddable":true,"href":"https:\/\/www.positanopremialadanza.it\/web\/en\/wp-json\/wp\/v2\/tags?post=2685"}],"curies":[{"name":"wp","href":"https:\/\/api.w.org\/{rel}","templated":true}]}}